{"id":145275,"date":"2025-02-21T07:00:00","date_gmt":"2025-02-21T06:00:00","guid":{"rendered":"https:\/\/patriam.se\/patriam-forstarker-sitt-team-med-erfarna-talanger\/"},"modified":"2026-04-29T03:00:49","modified_gmt":"2026-04-29T01:00:49","slug":"patriam-forstarker-sitt-team-med-erfarna-talanger","status":"publish","type":"post","link":"https:\/\/patriam.se\/en\/patriam-forstarker-sitt-team-med-erfarna-talanger\/","title":{"rendered":"Patriam f\u00f6rst\u00e4rker sitt team med erfarna talanger"},"content":{"rendered":"<p>Patriam forts\u00e4tter att v\u00e4xa och st\u00e4rker sin organisation genom tv\u00e5 nya medarbetare, Jan Hansson, n\u00e4rmast fr\u00e5n Oscar Properties och Kalle Cedervall, fr\u00e5n Skyhill Projektledning &amp; Arkitektur. Med deras gedigna erfarenhet inom projektutveckling och genomf\u00f6rande kommer de att spela en viktig roll i bolagets framtida bostadsprojekt och vision fram\u00e5t.<\/p>\n<p>Jan Hansson kliver in i rollen som projektchef och kommer att leda projekten under genomf\u00f6randeskedet, fr\u00e5n produktionsstart till \u00f6verl\u00e4mning av BRF till medlemmarna. Jan kommer senast fr\u00e5n Oscar Properties, d\u00e4r han hade en motsvarade roll. Han har l\u00e5ng erfarenhet av att driva komplexa projekt b\u00e5de i Sverige och internationellt, vilket g\u00f6r honom till en viktig resurs i Patriams fortsatt expansion.<\/p>\n<p>\u201dPatriam har en stark vision och en intressant projektportf\u00f6lj. Det ska bli sp\u00e4nnande att f\u00e5 arbeta med teamet och bidra till bolagets fortsatta utveckling\u201d, s\u00e4ger Jan Hansson.<\/p>\n<p>Kalle Cedervall ansluter i rollen som projektutvecklare och kommer att ansvara f\u00f6r de tidiga skedena i projekten, fr\u00e5n f\u00f6rstudie till produktionsstart. Han kommer n\u00e4rmast fr\u00e5n Skyhill Projektledning &amp; Arkitektur, d\u00e4r han har haft rollen som gruppchef f\u00f6r projektledning. Med en bakgrund som projektledare, projekteringsledare och byggherreombud har Kalle drivit en rad framg\u00e5ngsrika projekt och har en djup f\u00f6rst\u00e5else f\u00f6r utvecklingsprocessen.<\/p>\n<p>\u201dJag ser fram emot att bli en del av Patriam och bidra till att skapa h\u00e5llbara och genomt\u00e4nkta bost\u00e4der. Det blir sp\u00e4nnande att f\u00e5 vara med och utveckla projekt fr\u00e5n id\u00e9 till produktionsstart\u201d, s\u00e4ger Kalle Cedervall.<\/p>\n<p>\u201d Vi \u00e4r v\u00e4ldigt glada att ha Jan och inom kort Kalle ombord hos oss p\u00e5 Patriam. Deras kompetens och erfarenhet kommer att st\u00e4rka v\u00e5rt team och bidra till att vi kan forts\u00e4tta expandera och bygga unika och kvalitativa bost\u00e4der i premiumsegmentet s\u00e4ger Fredrik Andr\u00e9n, utvecklingschef p\u00e5 Patriam.<\/p>\n<ul><\/ul>\n<p>Jan Hansson har redan p\u00e5b\u00f6rjat sin roll p\u00e5 Patriam och Kalle Cedervall ansluter under v\u00e5ren.<\/p>\n","protected":false},"excerpt":{"rendered":"<p>Patriam forts\u00e4tter att v\u00e4xa och st\u00e4rker sin organisation genom tv\u00e5 nya medarbetare, Jan Hansson, n\u00e4rmast fr\u00e5n Oscar Properties och Kalle Cedervall, fr\u00e5n Skyhill Projektledning &amp; Arkitektur. Med deras gedigna erfarenhet inom projektutveckling och genomf\u00f6rande kommer de att spela en viktig roll i bolagets framtida bostadsprojekt och vision fram\u00e5t.<\/p>\n","protected":false},"author":1,"featured_media":0,"comment_status":"open","ping_status":"open","sticky":false,"template":"","format":"standard","meta":{"_acf_changed":false,"footnotes":""},"categories":[4],"tags":[63,9,51,53,10,17,52,6,8,69],"class_list":["post-145275","post","type-post","status-publish","format-standard","hentry","category-pressmeddelande","tag-arkitektur","tag-boende-stockholm","tag-bostad","tag-bostadsutveckling","tag-exklusivt-boende","tag-fastighet","tag-forvarv","tag-nyproduktion","tag-patriam","tag-rekrytering"],"acf":[],"yoast_head":"<!-- This site is optimized with the Yoast SEO plugin v27.5 - https:\/\/yoast.com\/product\/yoast-seo-wordpress\/ -->\n<title>Patriam f\u00f6rst\u00e4rker sitt team med erfarna talanger - Patriam<\/title>\n<meta name=\"robots\" content=\"index, follow, max-snippet:-1, max-image-preview:large, max-video-preview:-1\" \/>\n<link rel=\"canonical\" href=\"https:\/\/patriam.se\/en\/patriam-forstarker-sitt-team-med-erfarna-talanger\/\" \/>\n<meta property=\"og:locale\" content=\"en_US\" \/>\n<meta property=\"og:type\" content=\"article\" \/>\n<meta property=\"og:title\" content=\"Patriam f\u00f6rst\u00e4rker sitt team med erfarna talanger - Patriam\" \/>\n<meta property=\"og:description\" content=\"Patriam forts\u00e4tter att v\u00e4xa och st\u00e4rker sin organisation genom tv\u00e5 nya medarbetare, Jan Hansson, n\u00e4rmast fr\u00e5n Oscar Properties och Kalle Cedervall, fr\u00e5n Skyhill Projektledning &amp; Arkitektur. Med deras gedigna erfarenhet inom projektutveckling och genomf\u00f6rande kommer de att spela en viktig roll i bolagets framtida bostadsprojekt och vision fram\u00e5t.\" \/>\n<meta property=\"og:url\" content=\"https:\/\/patriam.se\/en\/patriam-forstarker-sitt-team-med-erfarna-talanger\/\" \/>\n<meta property=\"og:site_name\" content=\"Patriam\" \/>\n<meta property=\"article:published_time\" content=\"2025-02-21T06:00:00+00:00\" \/>\n<meta property=\"article:modified_time\" content=\"2026-04-29T01:00:49+00:00\" \/>\n<meta name=\"author\" content=\"admin\" \/>\n<meta name=\"twitter:card\" content=\"summary_large_image\" \/>\n<meta name=\"twitter:label1\" content=\"Written by\" \/>\n\t<meta name=\"twitter:data1\" content=\"admin\" \/>\n\t<meta name=\"twitter:label2\" content=\"Est. reading time\" \/>\n\t<meta name=\"twitter:data2\" content=\"2 minutes\" \/>\n<script type=\"application\/ld+json\" class=\"yoast-schema-graph\">{\"@context\":\"https:\\\/\\\/schema.org\",\"@graph\":[{\"@type\":\"Article\",\"@id\":\"https:\\\/\\\/patriam.se\\\/en\\\/patriam-forstarker-sitt-team-med-erfarna-talanger\\\/#article\",\"isPartOf\":{\"@id\":\"https:\\\/\\\/patriam.se\\\/en\\\/patriam-forstarker-sitt-team-med-erfarna-talanger\\\/\"},\"author\":{\"name\":\"admin\",\"@id\":\"https:\\\/\\\/patriam.se\\\/#\\\/schema\\\/person\\\/df71c253bc805e4beb899e002ac440b8\"},\"headline\":\"Patriam f\u00f6rst\u00e4rker sitt team med erfarna talanger\",\"datePublished\":\"2025-02-21T06:00:00+00:00\",\"dateModified\":\"2026-04-29T01:00:49+00:00\",\"mainEntityOfPage\":{\"@id\":\"https:\\\/\\\/patriam.se\\\/en\\\/patriam-forstarker-sitt-team-med-erfarna-talanger\\\/\"},\"wordCount\":348,\"commentCount\":0,\"keywords\":[\"Arkitektur\",\"boende stockholm\",\"bostad\",\"bostadsutveckling\",\"exklusivt boende\",\"fastighet\",\"f\u00f6rv\u00e4rv\",\"nyproduktion\",\"patriam\",\"rekrytering\"],\"articleSection\":[\"pressmeddelande\"],\"inLanguage\":\"en-US\",\"potentialAction\":[{\"@type\":\"CommentAction\",\"name\":\"Comment\",\"target\":[\"https:\\\/\\\/patriam.se\\\/en\\\/patriam-forstarker-sitt-team-med-erfarna-talanger\\\/#respond\"]}]},{\"@type\":\"WebPage\",\"@id\":\"https:\\\/\\\/patriam.se\\\/en\\\/patriam-forstarker-sitt-team-med-erfarna-talanger\\\/\",\"url\":\"https:\\\/\\\/patriam.se\\\/en\\\/patriam-forstarker-sitt-team-med-erfarna-talanger\\\/\",\"name\":\"Patriam f\u00f6rst\u00e4rker sitt team med erfarna talanger - Patriam\",\"isPartOf\":{\"@id\":\"https:\\\/\\\/patriam.se\\\/#website\"},\"datePublished\":\"2025-02-21T06:00:00+00:00\",\"dateModified\":\"2026-04-29T01:00:49+00:00\",\"author\":{\"@id\":\"https:\\\/\\\/patriam.se\\\/#\\\/schema\\\/person\\\/df71c253bc805e4beb899e002ac440b8\"},\"breadcrumb\":{\"@id\":\"https:\\\/\\\/patriam.se\\\/en\\\/patriam-forstarker-sitt-team-med-erfarna-talanger\\\/#breadcrumb\"},\"inLanguage\":\"en-US\",\"potentialAction\":[{\"@type\":\"ReadAction\",\"target\":[\"https:\\\/\\\/patriam.se\\\/en\\\/patriam-forstarker-sitt-team-med-erfarna-talanger\\\/\"]}]},{\"@type\":\"BreadcrumbList\",\"@id\":\"https:\\\/\\\/patriam.se\\\/en\\\/patriam-forstarker-sitt-team-med-erfarna-talanger\\\/#breadcrumb\",\"itemListElement\":[{\"@type\":\"ListItem\",\"position\":1,\"name\":\"Hem\",\"item\":\"https:\\\/\\\/patriam.se\\\/en\\\/\"},{\"@type\":\"ListItem\",\"position\":2,\"name\":\"Patriam f\u00f6rst\u00e4rker sitt team med erfarna talanger\"}]},{\"@type\":\"WebSite\",\"@id\":\"https:\\\/\\\/patriam.se\\\/#website\",\"url\":\"https:\\\/\\\/patriam.se\\\/\",\"name\":\"Patriam\",\"description\":\"\",\"potentialAction\":[{\"@type\":\"SearchAction\",\"target\":{\"@type\":\"EntryPoint\",\"urlTemplate\":\"https:\\\/\\\/patriam.se\\\/?s={search_term_string}\"},\"query-input\":{\"@type\":\"PropertyValueSpecification\",\"valueRequired\":true,\"valueName\":\"search_term_string\"}}],\"inLanguage\":\"en-US\"},{\"@type\":\"Person\",\"@id\":\"https:\\\/\\\/patriam.se\\\/#\\\/schema\\\/person\\\/df71c253bc805e4beb899e002ac440b8\",\"name\":\"admin\",\"image\":{\"@type\":\"ImageObject\",\"inLanguage\":\"en-US\",\"@id\":\"https:\\\/\\\/secure.gravatar.com\\\/avatar\\\/f7690b13c4b45503884c4683a01d03c6e43dbfaca090cf3603a1b11518cde976?s=96&d=mm&r=g\",\"url\":\"https:\\\/\\\/secure.gravatar.com\\\/avatar\\\/f7690b13c4b45503884c4683a01d03c6e43dbfaca090cf3603a1b11518cde976?s=96&d=mm&r=g\",\"contentUrl\":\"https:\\\/\\\/secure.gravatar.com\\\/avatar\\\/f7690b13c4b45503884c4683a01d03c6e43dbfaca090cf3603a1b11518cde976?s=96&d=mm&r=g\",\"caption\":\"admin\"}}]}<\/script>\n<!-- \/ Yoast SEO plugin. -->","yoast_head_json":{"title":"Patriam f\u00f6rst\u00e4rker sitt team med erfarna talanger - Patriam","robots":{"index":"index","follow":"follow","max-snippet":"max-snippet:-1","max-image-preview":"max-image-preview:large","max-video-preview":"max-video-preview:-1"},"canonical":"https:\/\/patriam.se\/en\/patriam-forstarker-sitt-team-med-erfarna-talanger\/","og_locale":"en_US","og_type":"article","og_title":"Patriam f\u00f6rst\u00e4rker sitt team med erfarna talanger - Patriam","og_description":"Patriam forts\u00e4tter att v\u00e4xa och st\u00e4rker sin organisation genom tv\u00e5 nya medarbetare, Jan Hansson, n\u00e4rmast fr\u00e5n Oscar Properties och Kalle Cedervall, fr\u00e5n Skyhill Projektledning &amp; Arkitektur. Med deras gedigna erfarenhet inom projektutveckling och genomf\u00f6rande kommer de att spela en viktig roll i bolagets framtida bostadsprojekt och vision fram\u00e5t.","og_url":"https:\/\/patriam.se\/en\/patriam-forstarker-sitt-team-med-erfarna-talanger\/","og_site_name":"Patriam","article_published_time":"2025-02-21T06:00:00+00:00","article_modified_time":"2026-04-29T01:00:49+00:00","author":"admin","twitter_card":"summary_large_image","twitter_misc":{"Written by":"admin","Est. reading time":"2 minutes"},"schema":{"@context":"https:\/\/schema.org","@graph":[{"@type":"Article","@id":"https:\/\/patriam.se\/en\/patriam-forstarker-sitt-team-med-erfarna-talanger\/#article","isPartOf":{"@id":"https:\/\/patriam.se\/en\/patriam-forstarker-sitt-team-med-erfarna-talanger\/"},"author":{"name":"admin","@id":"https:\/\/patriam.se\/#\/schema\/person\/df71c253bc805e4beb899e002ac440b8"},"headline":"Patriam f\u00f6rst\u00e4rker sitt team med erfarna talanger","datePublished":"2025-02-21T06:00:00+00:00","dateModified":"2026-04-29T01:00:49+00:00","mainEntityOfPage":{"@id":"https:\/\/patriam.se\/en\/patriam-forstarker-sitt-team-med-erfarna-talanger\/"},"wordCount":348,"commentCount":0,"keywords":["Arkitektur","boende stockholm","bostad","bostadsutveckling","exklusivt boende","fastighet","f\u00f6rv\u00e4rv","nyproduktion","patriam","rekrytering"],"articleSection":["pressmeddelande"],"inLanguage":"en-US","potentialAction":[{"@type":"CommentAction","name":"Comment","target":["https:\/\/patriam.se\/en\/patriam-forstarker-sitt-team-med-erfarna-talanger\/#respond"]}]},{"@type":"WebPage","@id":"https:\/\/patriam.se\/en\/patriam-forstarker-sitt-team-med-erfarna-talanger\/","url":"https:\/\/patriam.se\/en\/patriam-forstarker-sitt-team-med-erfarna-talanger\/","name":"Patriam f\u00f6rst\u00e4rker sitt team med erfarna talanger - Patriam","isPartOf":{"@id":"https:\/\/patriam.se\/#website"},"datePublished":"2025-02-21T06:00:00+00:00","dateModified":"2026-04-29T01:00:49+00:00","author":{"@id":"https:\/\/patriam.se\/#\/schema\/person\/df71c253bc805e4beb899e002ac440b8"},"breadcrumb":{"@id":"https:\/\/patriam.se\/en\/patriam-forstarker-sitt-team-med-erfarna-talanger\/#breadcrumb"},"inLanguage":"en-US","potentialAction":[{"@type":"ReadAction","target":["https:\/\/patriam.se\/en\/patriam-forstarker-sitt-team-med-erfarna-talanger\/"]}]},{"@type":"BreadcrumbList","@id":"https:\/\/patriam.se\/en\/patriam-forstarker-sitt-team-med-erfarna-talanger\/#breadcrumb","itemListElement":[{"@type":"ListItem","position":1,"name":"Hem","item":"https:\/\/patriam.se\/en\/"},{"@type":"ListItem","position":2,"name":"Patriam f\u00f6rst\u00e4rker sitt team med erfarna talanger"}]},{"@type":"WebSite","@id":"https:\/\/patriam.se\/#website","url":"https:\/\/patriam.se\/","name":"Patriam","description":"","potentialAction":[{"@type":"SearchAction","target":{"@type":"EntryPoint","urlTemplate":"https:\/\/patriam.se\/?s={search_term_string}"},"query-input":{"@type":"PropertyValueSpecification","valueRequired":true,"valueName":"search_term_string"}}],"inLanguage":"en-US"},{"@type":"Person","@id":"https:\/\/patriam.se\/#\/schema\/person\/df71c253bc805e4beb899e002ac440b8","name":"admin","image":{"@type":"ImageObject","inLanguage":"en-US","@id":"https:\/\/secure.gravatar.com\/avatar\/f7690b13c4b45503884c4683a01d03c6e43dbfaca090cf3603a1b11518cde976?s=96&d=mm&r=g","url":"https:\/\/secure.gravatar.com\/avatar\/f7690b13c4b45503884c4683a01d03c6e43dbfaca090cf3603a1b11518cde976?s=96&d=mm&r=g","contentUrl":"https:\/\/secure.gravatar.com\/avatar\/f7690b13c4b45503884c4683a01d03c6e43dbfaca090cf3603a1b11518cde976?s=96&d=mm&r=g","caption":"admin"}}]}},"_links":{"self":[{"href":"https:\/\/patriam.se\/en\/wp-json\/wp\/v2\/posts\/145275\/"}],"collection":[{"href":"https:\/\/patriam.se\/en\/wp-json\/wp\/v2\/posts\/"}],"about":[{"href":"https:\/\/patriam.se\/en\/wp-json\/wp\/v2\/types\/post\/"}],"author":[{"embeddable":true,"href":"https:\/\/patriam.se\/en\/wp-json\/wp\/v2\/users\/1\/"}],"replies":[{"embeddable":true,"href":"https:\/\/patriam.se\/en\/wp-json\/wp\/v2\/comments\/?post=145275"}],"version-history":[{"count":0,"href":"https:\/\/patriam.se\/en\/wp-json\/wp\/v2\/posts\/145275\/revisions\/"}],"wp:attachment":[{"href":"https:\/\/patriam.se\/en\/wp-json\/wp\/v2\/media\/?parent=145275"}],"wp:term":[{"taxonomy":"category","embeddable":true,"href":"https:\/\/patriam.se\/en\/wp-json\/wp\/v2\/categories\/?post=145275"},{"taxonomy":"post_tag","embeddable":true,"href":"https:\/\/patriam.se\/en\/wp-json\/wp\/v2\/tags\/?post=145275"}],"curies":[{"name":"wp","href":"https:\/\/api.w.org\/{rel}","templated":true}]}}